{"id":2028,"date":"2021-05-31T15:52:22","date_gmt":"2021-05-31T13:52:22","guid":{"rendered":"https:\/\/candomble-berlin.de\/mae-beata-de-yemonja\/"},"modified":"2021-05-31T15:52:22","modified_gmt":"2021-05-31T13:52:22","slug":"mae-beata-de-yemonja","status":"publish","type":"post","link":"https:\/\/candomble-berlin.de\/pt-br\/mae-beata-de-yemonja\/","title":{"rendered":"M\u00e3e Beata de Yemonj\u00e1"},"content":{"rendered":"<p><strong>n\u00e3o est\u00e1 mais entre n\u00f3s.<\/strong><\/p>\n<p>No s\u00e1bado, dia  27 de maio de 2017, faleceu com a idade de 86 anos em Nova Igua\u00e7u \/ Rio de Janeiro. M\u00e3e Beata foi uma grande mulher brasileira e ativista dos direitos humanos,  sacerdotisa do Candombl\u00e9  e m\u00e3e espiritual e muito querida por Baba Muralesimbe Murah Soares e por nossa casa.<\/p>\n<p>Que Olorun a receba com miseric\u00f3rdia!<\/p>\n<p>Durante o per\u00edodo de luto de um ano, os tambores da casa Il\u00ea Ob\u00e1 Silek\u00e9 em Berlim ficaram em sil\u00eancio. A casa est\u00e1 aberta novamente desde junho de 2018, e os rituais p\u00fablicos s\u00e3o celebrados novamente.<\/p>\n","protected":false},"excerpt":{"rendered":"<p>n\u00e3o est\u00e1 mais entre n\u00f3s. No s\u00e1bado, dia 27 de maio de 2017, faleceu com a idade de 86 anos em Nova Igua\u00e7u \/ Rio de Janeiro. M\u00e3e Beata foi uma grande mulher brasileira e ativista dos direitos humanos, sacerdotisa do Candombl\u00e9 e m\u00e3e espiritual e muito querida por Baba Muralesimbe Murah Soares e por [&hellip;]<\/p>\n","protected":false},"author":2,"featured_media":1891,"comment_status":"closed","ping_status":"closed","sticky":false,"template":"","format":"standard","meta":{"_acf_changed":false,"_et_pb_use_builder":"","_et_pb_old_content":"","_et_gb_content_width":"","footnotes":""},"categories":[42],"tags":[],"class_list":["post-2028","post","type-post","status-publish","format-standard","has-post-thumbnail","hentry","category-novidades"],"acf":[],"yoast_head":"<!-- This site is optimized with the Yoast SEO plugin v27.4 - https:\/\/yoast.com\/product\/yoast-seo-wordpress\/ -->\n<title>M\u00e3e Beata de Yemonj\u00e1 - Candomble Berlin<\/title>\n<meta name=\"robots\" content=\"index, follow, max-snippet:-1, max-image-preview:large, max-video-preview:-1\" \/>\n<link rel=\"canonical\" href=\"https:\/\/candomble-berlin.de\/pt-br\/mae-beata-de-yemonja\/\" \/>\n<meta property=\"og:locale\" content=\"pt_BR\" \/>\n<meta property=\"og:type\" content=\"article\" \/>\n<meta property=\"og:title\" content=\"M\u00e3e Beata de Yemonj\u00e1 - Candomble Berlin\" \/>\n<meta property=\"og:description\" content=\"n\u00e3o est\u00e1 mais entre n\u00f3s. No s\u00e1bado, dia 27 de maio de 2017, faleceu com a idade de 86 anos em Nova Igua\u00e7u \/ Rio de Janeiro. M\u00e3e Beata foi uma grande mulher brasileira e ativista dos direitos humanos, sacerdotisa do Candombl\u00e9 e m\u00e3e espiritual e muito querida por Baba Muralesimbe Murah Soares e por [&hellip;]\" \/>\n<meta property=\"og:site_name\" content=\"Candomble Berlin\" \/>\n<meta property=\"article:published_time\" content=\"2021-05-31T13:52:22+00:00\" \/>\n<meta property=\"og:image\" content=\"https:\/\/candomble-berlin.de\/wp-content\/uploads\/MG_0493webMaeBeata.jpg\" \/>\n\t<meta property=\"og:image:width\" content=\"683\" \/>\n\t<meta property=\"og:image:height\" content=\"1024\" \/>\n\t<meta property=\"og:image:type\" content=\"image\/jpeg\" \/>\n<meta name=\"author\" content=\"Mathias Janke\" \/>\n<meta name=\"twitter:card\" content=\"summary_large_image\" \/>\n<meta name=\"twitter:label1\" content=\"Escrito por\" \/>\n\t<meta name=\"twitter:data1\" content=\"Mathias Janke\" \/>\n\t<meta name=\"twitter:label2\" content=\"Est. tempo de leitura\" \/>\n\t<meta name=\"twitter:data2\" content=\"1 minuto\" \/>\n<script type=\"application\/ld+json\" class=\"yoast-schema-graph\">{\"@context\":\"https:\\\/\\\/schema.org\",\"@graph\":[{\"@type\":\"Article\",\"@id\":\"https:\\\/\\\/candomble-berlin.de\\\/pt-br\\\/mae-beata-de-yemonja\\\/#article\",\"isPartOf\":{\"@id\":\"https:\\\/\\\/candomble-berlin.de\\\/pt-br\\\/mae-beata-de-yemonja\\\/\"},\"author\":{\"name\":\"Mathias Janke\",\"@id\":\"https:\\\/\\\/candomble-berlin.de\\\/pt-br\\\/#\\\/schema\\\/person\\\/16deb22d0e8d776282c5582e9d375dc2\"},\"headline\":\"M\u00e3e Beata de Yemonj\u00e1\",\"datePublished\":\"2021-05-31T13:52:22+00:00\",\"mainEntityOfPage\":{\"@id\":\"https:\\\/\\\/candomble-berlin.de\\\/pt-br\\\/mae-beata-de-yemonja\\\/\"},\"wordCount\":110,\"image\":{\"@id\":\"https:\\\/\\\/candomble-berlin.de\\\/pt-br\\\/mae-beata-de-yemonja\\\/#primaryimage\"},\"thumbnailUrl\":\"https:\\\/\\\/candomble-berlin.de\\\/wp-content\\\/uploads\\\/MG_0493webMaeBeata.jpg\",\"articleSection\":[\"novidades\"],\"inLanguage\":\"pt-BR\"},{\"@type\":\"WebPage\",\"@id\":\"https:\\\/\\\/candomble-berlin.de\\\/pt-br\\\/mae-beata-de-yemonja\\\/\",\"url\":\"https:\\\/\\\/candomble-berlin.de\\\/pt-br\\\/mae-beata-de-yemonja\\\/\",\"name\":\"M\u00e3e Beata de Yemonj\u00e1 - Candomble Berlin\",\"isPartOf\":{\"@id\":\"https:\\\/\\\/candomble-berlin.de\\\/pt-br\\\/#website\"},\"primaryImageOfPage\":{\"@id\":\"https:\\\/\\\/candomble-berlin.de\\\/pt-br\\\/mae-beata-de-yemonja\\\/#primaryimage\"},\"image\":{\"@id\":\"https:\\\/\\\/candomble-berlin.de\\\/pt-br\\\/mae-beata-de-yemonja\\\/#primaryimage\"},\"thumbnailUrl\":\"https:\\\/\\\/candomble-berlin.de\\\/wp-content\\\/uploads\\\/MG_0493webMaeBeata.jpg\",\"datePublished\":\"2021-05-31T13:52:22+00:00\",\"author\":{\"@id\":\"https:\\\/\\\/candomble-berlin.de\\\/pt-br\\\/#\\\/schema\\\/person\\\/16deb22d0e8d776282c5582e9d375dc2\"},\"breadcrumb\":{\"@id\":\"https:\\\/\\\/candomble-berlin.de\\\/pt-br\\\/mae-beata-de-yemonja\\\/#breadcrumb\"},\"inLanguage\":\"pt-BR\",\"potentialAction\":[{\"@type\":\"ReadAction\",\"target\":[\"https:\\\/\\\/candomble-berlin.de\\\/pt-br\\\/mae-beata-de-yemonja\\\/\"]}]},{\"@type\":\"ImageObject\",\"inLanguage\":\"pt-BR\",\"@id\":\"https:\\\/\\\/candomble-berlin.de\\\/pt-br\\\/mae-beata-de-yemonja\\\/#primaryimage\",\"url\":\"https:\\\/\\\/candomble-berlin.de\\\/wp-content\\\/uploads\\\/MG_0493webMaeBeata.jpg\",\"contentUrl\":\"https:\\\/\\\/candomble-berlin.de\\\/wp-content\\\/uploads\\\/MG_0493webMaeBeata.jpg\",\"width\":683,\"height\":1024},{\"@type\":\"BreadcrumbList\",\"@id\":\"https:\\\/\\\/candomble-berlin.de\\\/pt-br\\\/mae-beata-de-yemonja\\\/#breadcrumb\",\"itemListElement\":[{\"@type\":\"ListItem\",\"position\":1,\"name\":\"Startseite\",\"item\":\"https:\\\/\\\/candomble-berlin.de\\\/pt-br\\\/\"},{\"@type\":\"ListItem\",\"position\":2,\"name\":\"M\u00e3e Beata de Yemonj\u00e1\"}]},{\"@type\":\"WebSite\",\"@id\":\"https:\\\/\\\/candomble-berlin.de\\\/pt-br\\\/#website\",\"url\":\"https:\\\/\\\/candomble-berlin.de\\\/pt-br\\\/\",\"name\":\"Candomble Berlin\",\"description\":\"\",\"potentialAction\":[{\"@type\":\"SearchAction\",\"target\":{\"@type\":\"EntryPoint\",\"urlTemplate\":\"https:\\\/\\\/candomble-berlin.de\\\/pt-br\\\/?s={search_term_string}\"},\"query-input\":{\"@type\":\"PropertyValueSpecification\",\"valueRequired\":true,\"valueName\":\"search_term_string\"}}],\"inLanguage\":\"pt-BR\"},{\"@type\":\"Person\",\"@id\":\"https:\\\/\\\/candomble-berlin.de\\\/pt-br\\\/#\\\/schema\\\/person\\\/16deb22d0e8d776282c5582e9d375dc2\",\"name\":\"Mathias Janke\",\"url\":\"https:\\\/\\\/candomble-berlin.de\\\/pt-br\"}]}<\/script>\n<!-- \/ Yoast SEO plugin. -->","yoast_head_json":{"title":"M\u00e3e Beata de Yemonj\u00e1 - Candomble Berlin","robots":{"index":"index","follow":"follow","max-snippet":"max-snippet:-1","max-image-preview":"max-image-preview:large","max-video-preview":"max-video-preview:-1"},"canonical":"https:\/\/candomble-berlin.de\/pt-br\/mae-beata-de-yemonja\/","og_locale":"pt_BR","og_type":"article","og_title":"M\u00e3e Beata de Yemonj\u00e1 - Candomble Berlin","og_description":"n\u00e3o est\u00e1 mais entre n\u00f3s. No s\u00e1bado, dia 27 de maio de 2017, faleceu com a idade de 86 anos em Nova Igua\u00e7u \/ Rio de Janeiro. M\u00e3e Beata foi uma grande mulher brasileira e ativista dos direitos humanos, sacerdotisa do Candombl\u00e9 e m\u00e3e espiritual e muito querida por Baba Muralesimbe Murah Soares e por [&hellip;]","og_site_name":"Candomble Berlin","article_published_time":"2021-05-31T13:52:22+00:00","og_image":[{"width":683,"height":1024,"url":"https:\/\/candomble-berlin.de\/wp-content\/uploads\/MG_0493webMaeBeata.jpg","type":"image\/jpeg"}],"author":"Mathias Janke","twitter_card":"summary_large_image","twitter_misc":{"Escrito por":"Mathias Janke","Est. tempo de leitura":"1 minuto"},"schema":{"@context":"https:\/\/schema.org","@graph":[{"@type":"Article","@id":"https:\/\/candomble-berlin.de\/pt-br\/mae-beata-de-yemonja\/#article","isPartOf":{"@id":"https:\/\/candomble-berlin.de\/pt-br\/mae-beata-de-yemonja\/"},"author":{"name":"Mathias Janke","@id":"https:\/\/candomble-berlin.de\/pt-br\/#\/schema\/person\/16deb22d0e8d776282c5582e9d375dc2"},"headline":"M\u00e3e Beata de Yemonj\u00e1","datePublished":"2021-05-31T13:52:22+00:00","mainEntityOfPage":{"@id":"https:\/\/candomble-berlin.de\/pt-br\/mae-beata-de-yemonja\/"},"wordCount":110,"image":{"@id":"https:\/\/candomble-berlin.de\/pt-br\/mae-beata-de-yemonja\/#primaryimage"},"thumbnailUrl":"https:\/\/candomble-berlin.de\/wp-content\/uploads\/MG_0493webMaeBeata.jpg","articleSection":["novidades"],"inLanguage":"pt-BR"},{"@type":"WebPage","@id":"https:\/\/candomble-berlin.de\/pt-br\/mae-beata-de-yemonja\/","url":"https:\/\/candomble-berlin.de\/pt-br\/mae-beata-de-yemonja\/","name":"M\u00e3e Beata de Yemonj\u00e1 - Candomble Berlin","isPartOf":{"@id":"https:\/\/candomble-berlin.de\/pt-br\/#website"},"primaryImageOfPage":{"@id":"https:\/\/candomble-berlin.de\/pt-br\/mae-beata-de-yemonja\/#primaryimage"},"image":{"@id":"https:\/\/candomble-berlin.de\/pt-br\/mae-beata-de-yemonja\/#primaryimage"},"thumbnailUrl":"https:\/\/candomble-berlin.de\/wp-content\/uploads\/MG_0493webMaeBeata.jpg","datePublished":"2021-05-31T13:52:22+00:00","author":{"@id":"https:\/\/candomble-berlin.de\/pt-br\/#\/schema\/person\/16deb22d0e8d776282c5582e9d375dc2"},"breadcrumb":{"@id":"https:\/\/candomble-berlin.de\/pt-br\/mae-beata-de-yemonja\/#breadcrumb"},"inLanguage":"pt-BR","potentialAction":[{"@type":"ReadAction","target":["https:\/\/candomble-berlin.de\/pt-br\/mae-beata-de-yemonja\/"]}]},{"@type":"ImageObject","inLanguage":"pt-BR","@id":"https:\/\/candomble-berlin.de\/pt-br\/mae-beata-de-yemonja\/#primaryimage","url":"https:\/\/candomble-berlin.de\/wp-content\/uploads\/MG_0493webMaeBeata.jpg","contentUrl":"https:\/\/candomble-berlin.de\/wp-content\/uploads\/MG_0493webMaeBeata.jpg","width":683,"height":1024},{"@type":"BreadcrumbList","@id":"https:\/\/candomble-berlin.de\/pt-br\/mae-beata-de-yemonja\/#breadcrumb","itemListElement":[{"@type":"ListItem","position":1,"name":"Startseite","item":"https:\/\/candomble-berlin.de\/pt-br\/"},{"@type":"ListItem","position":2,"name":"M\u00e3e Beata de Yemonj\u00e1"}]},{"@type":"WebSite","@id":"https:\/\/candomble-berlin.de\/pt-br\/#website","url":"https:\/\/candomble-berlin.de\/pt-br\/","name":"Candomble Berlin","description":"","potentialAction":[{"@type":"SearchAction","target":{"@type":"EntryPoint","urlTemplate":"https:\/\/candomble-berlin.de\/pt-br\/?s={search_term_string}"},"query-input":{"@type":"PropertyValueSpecification","valueRequired":true,"valueName":"search_term_string"}}],"inLanguage":"pt-BR"},{"@type":"Person","@id":"https:\/\/candomble-berlin.de\/pt-br\/#\/schema\/person\/16deb22d0e8d776282c5582e9d375dc2","name":"Mathias Janke","url":"https:\/\/candomble-berlin.de\/pt-br"}]}},"_links":{"self":[{"href":"https:\/\/candomble-berlin.de\/pt-br\/wp-json\/wp\/v2\/posts\/2028","targetHints":{"allow":["GET"]}}],"collection":[{"href":"https:\/\/candomble-berlin.de\/pt-br\/wp-json\/wp\/v2\/posts"}],"about":[{"href":"https:\/\/candomble-berlin.de\/pt-br\/wp-json\/wp\/v2\/types\/post"}],"author":[{"embeddable":true,"href":"https:\/\/candomble-berlin.de\/pt-br\/wp-json\/wp\/v2\/users\/2"}],"replies":[{"embeddable":true,"href":"https:\/\/candomble-berlin.de\/pt-br\/wp-json\/wp\/v2\/comments?post=2028"}],"version-history":[{"count":0,"href":"https:\/\/candomble-berlin.de\/pt-br\/wp-json\/wp\/v2\/posts\/2028\/revisions"}],"wp:featuredmedia":[{"embeddable":true,"href":"https:\/\/candomble-berlin.de\/pt-br\/wp-json\/wp\/v2\/media\/1891"}],"wp:attachment":[{"href":"https:\/\/candomble-berlin.de\/pt-br\/wp-json\/wp\/v2\/media?parent=2028"}],"wp:term":[{"taxonomy":"category","embeddable":true,"href":"https:\/\/candomble-berlin.de\/pt-br\/wp-json\/wp\/v2\/categories?post=2028"},{"taxonomy":"post_tag","embeddable":true,"href":"https:\/\/candomble-berlin.de\/pt-br\/wp-json\/wp\/v2\/tags?post=2028"}],"curies":[{"name":"wp","href":"https:\/\/api.w.org\/{rel}","templated":true}]}}